{"id":107886,"date":"2024-10-11T10:33:01","date_gmt":"2024-10-11T08:33:01","guid":{"rendered":"https:\/\/dannapet.com\/?p=107886"},"modified":"2024-12-12T09:53:30","modified_gmt":"2024-12-12T08:53:30","slug":"apoyamos-marcha-contra-el-cancer-pontevedra","status":"publish","type":"post","link":"https:\/\/dannapet.com\/en\/blog\/apoyamos-marcha-contra-el-cancer-pontevedra\/","title":{"rendered":"Apoyamos la Marcha contra el C\u00e1ncer en Pontevedra"},"content":{"rendered":"<p>Este domingo, 13 de octubre, estaremos en Pontevedra para apoyar la VI Marcha contra el C\u00e1ncer, que organiza la Asociaci\u00f3n Espa\u00f1ola contra el C\u00e1ncer (AECC), con motivo de la proximidad del D\u00eda Mundial contra el C\u00e1ncer de Mama, que se conmemora el 19 de octubre.<\/p><p>El evento, no competitivo y dirigido a todos los p\u00fablicos, tambi\u00e9n est\u00e1 abierto a la participaci\u00f3n de animales de compa\u00f1\u00eda. Si quer\u00e9is saber m\u00e1s sobre Danna Pet Food, os invitamos a visitar la mesa informativa que situaremos frente a la Casa Consistorial, situada en la Plaza de Espa\u00f1a, donde est\u00e1 previsto dar la salida a la prueba. En este punto, podr\u00e9is conocer nuestras recetas para perros y gatos, as\u00ed como nuestras principales novedades.<\/p><p>Esta acci\u00f3n forma parte de nuestra pol\u00edtica de Responsabilidad Social Corporativa, dirigida a colaborar con entidades locales que contribuyen a promover el bienestar animal, pero tambi\u00e9n social, como la Asociaci\u00f3n Espa\u00f1ola contra el C\u00e1ncer, que apoya la investigaci\u00f3n oncol\u00f3gica, realiza campa\u00f1as de prevenci\u00f3n para impulsar h\u00e1bitos de vida saludables, y acompa\u00f1a y asesora a los pacientes y a sus familias.<\/p><h2 class=\"wp-block-heading\">Conseguir el 70% de supervivencia<\/h2><p>El c\u00e1ncer sigue siendo una de las&nbsp;principales causas de mortalidad en el mundo y en Espa\u00f1a. En 2023 se diagnosticaron en nuestro pa\u00eds 279.260 nuevos casos de c\u00e1ncer y se estima que en 2024 se alcanzar\u00e1n los&nbsp;286.664 casos, seg\u00fan la Red Espa\u00f1ola de Registros de C\u00e1ncer, lo que supone un ligero incremento con respecto al a\u00f1o anterior.<\/p><p>El c\u00e1ncer de mama es el m\u00e1s frecuente y el que mayor n\u00famero de muertes causa en la poblaci\u00f3n femenina en Espa\u00f1a. En 2023 se diagnosticaron alrededor de&nbsp;35.312&nbsp;nuevos en nuestro pa\u00eds, seg\u00fan las estimaciones del&nbsp;<a href=\"https:\/\/observatorio.contraelcancer.es\/\" target=\"_blank\" rel=\"noopener\">Observatorio del C\u00e1ncer<\/a>&nbsp;de la AECC, lo que representa casi el 30% de los c\u00e1nceres diagnosticados en mujeres.<\/p><p>Las estrategias de detecci\u00f3n precoz y promoci\u00f3n de h\u00e1bitos saludables, como las que promueve la Asociaci\u00f3n Espa\u00f1ola contra el C\u00e1ncer, contribuyen a reducir la mortalidad de los diagnosticados. De hecho, uno de los principales objetivos de la Asociaci\u00f3n Espa\u00f1ola contra el C\u00e1ncer es conseguir el 70% de supervivencia en esta enfermedad en 2030.<\/p>","protected":false},"excerpt":{"rendered":"<p>Este domingo, 13 de octubre, estaremos en Pontevedra para apoyar la VI Marcha contra el C\u00e1ncer, que organiza la Asociaci\u00f3n Espa\u00f1ola contra el C\u00e1ncer (AECC), con motivo de la proximidad del D\u00eda Mundial contra el C\u00e1ncer de Mama, que se conmemora el 19 de octubre. El evento, no competitivo y dirigido a todos los p\u00fablicos, [&hellip;]<\/p>\n","protected":false},"author":5,"featured_media":107887,"comment_status":"open","ping_status":"open","sticky":false,"template":"","format":"standard","meta":{"rank_math_lock_modified_date":false,"inline_featured_image":false,"footnotes":""},"categories":[129],"tags":[108,117,118,116,43,65,47,119,109,104],"class_list":["post-107886","post","type-post","status-publish","format-standard","has-post-thumbnail","hentry","category-blog","tag-acciones-rsc","tag-aecc","tag-asociacion-espanola-contra-el-cancer","tag-contra-el-cancer","tag-danna","tag-danna-pet-food","tag-pet-food","tag-pontevedra","tag-responsabilidad-social-corporativa","tag-rsc"],"_links":{"self":[{"href":"https:\/\/dannapet.com\/en\/wp-json\/wp\/v2\/posts\/107886","targetHints":{"allow":["GET"]}}],"collection":[{"href":"https:\/\/dannapet.com\/en\/wp-json\/wp\/v2\/posts"}],"about":[{"href":"https:\/\/dannapet.com\/en\/wp-json\/wp\/v2\/types\/post"}],"author":[{"embeddable":true,"href":"https:\/\/dannapet.com\/en\/wp-json\/wp\/v2\/users\/5"}],"replies":[{"embeddable":true,"href":"https:\/\/dannapet.com\/en\/wp-json\/wp\/v2\/comments?post=107886"}],"version-history":[{"count":3,"href":"https:\/\/dannapet.com\/en\/wp-json\/wp\/v2\/posts\/107886\/revisions"}],"predecessor-version":[{"id":107897,"href":"https:\/\/dannapet.com\/en\/wp-json\/wp\/v2\/posts\/107886\/revisions\/107897"}],"wp:featuredmedia":[{"embeddable":true,"href":"https:\/\/dannapet.com\/en\/wp-json\/wp\/v2\/media\/107887"}],"wp:attachment":[{"href":"https:\/\/dannapet.com\/en\/wp-json\/wp\/v2\/media?parent=107886"}],"wp:term":[{"taxonomy":"category","embeddable":true,"href":"https:\/\/dannapet.com\/en\/wp-json\/wp\/v2\/categories?post=107886"},{"taxonomy":"post_tag","embeddable":true,"href":"https:\/\/dannapet.com\/en\/wp-json\/wp\/v2\/tags?post=107886"}],"curies":[{"name":"wp","href":"https:\/\/api.w.org\/{rel}","templated":true}]}}